[{"@context":"https:\/\/schema.org\/","@type":"Article","@id":"https:\/\/www.dorso.cz\/bytovy-architekt\/#Article","mainEntityOfPage":"https:\/\/www.dorso.cz\/bytovy-architekt\/","headline":"Bytov\u00fd architekt","name":"Bytov\u00fd architekt","description":"Bydlen\u00ed je jedna z nejd\u016fle\u017eit\u011bj\u0161\u00edch z\u00e1le\u017eitost\u00ed v na\u0161em \u017eivot\u011b. N\u00e1\u0161 domo je m\u00edsto, kam bychom se m\u011bli r\u00e1di vracet odkudkoli p\u0159ijdeme, a\u0165 u\u017e jdeme z pr\u00e1ce \u010di ze \u0161koly, m\u011bli bychom se na n\u00e1vrat do na\u0161eho bydlen\u00ed t\u011b\u0161it a v\u011bd\u011bt, \u017ee tam m\u00e1me svoje stabiln\u00ed z\u00e1zem\u00ed, ve kter\u00e9m n\u00e1m je","datePublished":"2021-08-04","dateModified":"2023-05-19","author":{"@type":"Person","@id":"https:\/\/www.dorso.cz\/author\/#Person","name":"","url":"https:\/\/www.dorso.cz\/author\/","identifier":1,"image":{"@type":"ImageObject","@id":"https:\/\/secure.gravatar.com\/avatar\/1e120f96477763896a9e7ab3663c076bf8b67ca32fa1a5943b70761da502a7a7?s=96&d=mm&r=g","url":"https:\/\/secure.gravatar.com\/avatar\/1e120f96477763896a9e7ab3663c076bf8b67ca32fa1a5943b70761da502a7a7?s=96&d=mm&r=g","height":96,"width":96}},"publisher":{"@type":"Organization","name":"dorso.cz","logo":{"@type":"ImageObject","@id":"\/logo.png","url":"\/logo.png","width":600,"height":60}},"image":{"@type":"ImageObject","@id":"https:\/\/www.dorso.cz\/wp-content\/uploads\/St%C5%AFl%20a%20%C5%BEidle.jpg","url":"https:\/\/www.dorso.cz\/wp-content\/uploads\/St%C5%AFl%20a%20%C5%BEidle.jpg","height":0,"width":0},"url":"https:\/\/www.dorso.cz\/bytovy-architekt\/","about":["D\u016fm a byt"],"wordCount":411,"articleBody":"      Bydlen\u00ed je jedna z nejd\u016fle\u017eit\u011bj\u0161\u00edch z\u00e1le\u017eitost\u00ed v na\u0161em \u017eivot\u011b. N\u00e1\u0161 domo je m\u00edsto, kam bychom se m\u011bli r\u00e1di vracet odkudkoli p\u0159ijdeme, a\u0165 u\u017e jdeme z pr\u00e1ce \u010di ze \u0161koly, m\u011bli bychom se na n\u00e1vrat do na\u0161eho bydlen\u00ed t\u011b\u0161it a v\u011bd\u011bt, \u017ee tam m\u00e1me svoje stabiln\u00ed z\u00e1zem\u00ed, ve kter\u00e9m n\u00e1m je pohodln\u011b a p\u0159\u00edjemn\u011b. Ka\u017ed\u00fd \u010dlov\u011bk m\u00e1 samoz\u0159ejm\u011b jin\u00e9 po\u017eadavky na bydlen\u00ed a ka\u017ed\u00e9mu se l\u00edb\u00ed n\u011bco jin\u00e9ho.Pokud byste polo\u017eili ot\u00e1zku deseti r\u016fzn\u00fdm lidem, kter\u00e1 by zn\u011bla \u201cjak by m\u011blo vypadat va\u0161e vysn\u011bn\u00e9 bydlen\u00ed\u201d, je velice m\u00e1lo pravd\u011bpodobn\u00e9, \u017ee by v\u00e1m v\u0161ichni lid\u00e9 odpov\u011bd\u011bli stejn\u011b. Je to siln\u011b ovlivn\u011bno tak\u00e9 t\u00edm, v \u010dem jsme jako d\u011bti vyr\u016fstali a jestli jsme vyr\u016fstali ve spokojen\u00e9 rodin\u011b \u010di ne. Tento faktor nad\u00e1le ovliv\u0148uje to, zda m\u00e1me na bydlen\u00ed, ve kter\u00e9m jsme byli jako d\u011bti, dobr\u00e9 vzpom\u00ednky, \u010di nikoli. Lid\u00e9, kte\u0159\u00ed vyr\u016fstali ve spokojen\u00e9 dom\u00e1cnosti v byt\u011b n\u011bkde v centru m\u011bsta, \u010dasto cht\u011bj\u00ed i v dosp\u011blosti bydlet v podobn\u00e9 destinaci. Je velmi d\u016fle\u017eit\u00e9, abyste se ve sv\u00e9 dom\u00e1cnosti c\u00edtili co nejp\u0159\u00edjemn\u011bji a byla nastaven\u00e1 p\u0159\u00edmo va\u0161im pot\u0159eb\u00e1m.V tomto maj\u00ed v\u00fdhodu kreativn\u00ed lid\u00e9, kte\u0159\u00ed si dok\u00e1\u017e\u00ed svoji dom\u00e1cnost bez sebemen\u0161\u00edho probl\u00e9mu navrhnout zcela sami. Dok\u00e1\u017e\u00ed si zkombinovat barevn\u00e9 prvky s n\u00e1bytkem a se v\u0161\u00edm co s t\u00edm souvis\u00ed tak, aby to nakonec vytvo\u0159ilo p\u0159esn\u00fd v\u00fdsledek, kter\u00fd o\u010dek\u00e1vali. N\u011bkte\u0159\u00ed lid\u00e9 tohle ale bohu\u017eel sami nedok\u00e1\u017e\u00ed a pot\u0159ebuj\u00ed v t\u011bchto v\u011bcech pomoci od n\u011bkoho, kdo jim s realizac\u00ed jejich n\u00e1pad\u016f pom\u016f\u017ee. V t\u011bchto v\u011bcech v\u00e1m m\u016f\u017ee pomoci nap\u0159\u00edklad bytov\u00fd architekt Praha, kter\u00fd se na tyto probl\u00e9my a \u0159e\u0161en\u00ed p\u0159\u00edmo realizuje. Tihle lid\u00e9 v\u00e1m pomohou vymyslet va\u0161e bydlen\u00ed tak, aby to esteticky i prakticky bylo vytvo\u0159en\u00e9 naprosto dokonale. Pokud jste tedy \u010dlov\u011bk, kter\u00fd by pot\u0159eboval svoje n\u00e1pady ohledn\u011b bydlen\u00ed s n\u011bk\u00fdm zkonzultoval, v\u016fbec se nesty\u010fte a n\u011bjak\u00e9ho takov\u00e9ho pracovn\u00edka rozhodn\u011b kontaktujte.                                                                                                                                                                                                                                                                                                                                                                                           3.9\/5 - (10 votes)        "},{"@context":"https:\/\/schema.org\/","@type":"BreadcrumbList","itemListElement":[{"@type":"ListItem","position":1,"name":"Bytov\u00fd architekt","item":"https:\/\/www.dorso.cz\/bytovy-architekt\/#breadcrumbitem"}]}]