[{"@context":"https:\/\/schema.org\/","@type":"Article","@id":"https:\/\/www.dorso.cz\/studenti-strednich-skol-revoltuji-proti-systemu\/#Article","mainEntityOfPage":"https:\/\/www.dorso.cz\/studenti-strednich-skol-revoltuji-proti-systemu\/","headline":"Studenti st\u0159edn\u00edch \u0161kol revoltuj\u00ed proti syst\u00e9mu","name":"Studenti st\u0159edn\u00edch \u0161kol revoltuj\u00ed proti syst\u00e9mu","description":"&#13; Kdy\u017e jste je\u0161t\u011b chodili na st\u0159edn\u00ed \u0161kolu, jist\u011b jste si na \u0161kolu denn\u011b st\u011b\u017eovali. P\u0159\u00edli\u0161 mnoho u\u010den\u00ed, p\u0159\u00edli\u0161 dlouh\u00e9 vyu\u010dov\u00e1n\u00ed, p\u0159\u00edli\u0161 kr\u00e1tk\u00e9 p\u0159est\u00e1vky, p\u0159\u00edli\u0161 mnoho vynucen\u00e9 pozornosti a tak\u00e9 p\u0159\u00edli\u0161 m\u00e1lo sp\u00e1nku. Ano, v\u0161ichni jsme chodili na st\u0159edn\u00ed \u0161kolu a v\u0161ichni to zn\u00e1me. Nikdo z n\u00e1s si st\u0159edn\u00ed \u0161kolu","datePublished":"2020-10-08","dateModified":"2023-05-19","author":{"@type":"Person","@id":"https:\/\/www.dorso.cz\/author\/#Person","name":"","url":"https:\/\/www.dorso.cz\/author\/","identifier":1,"image":{"@type":"ImageObject","@id":"https:\/\/secure.gravatar.com\/avatar\/1e120f96477763896a9e7ab3663c076bf8b67ca32fa1a5943b70761da502a7a7?s=96&d=mm&r=g","url":"https:\/\/secure.gravatar.com\/avatar\/1e120f96477763896a9e7ab3663c076bf8b67ca32fa1a5943b70761da502a7a7?s=96&d=mm&r=g","height":96,"width":96}},"publisher":{"@type":"Organization","name":"dorso.cz","logo":{"@type":"ImageObject","@id":"\/logo.png","url":"\/logo.png","width":600,"height":60}},"url":"https:\/\/www.dorso.cz\/studenti-strednich-skol-revoltuji-proti-systemu\/","about":["Vzd\u011bl\u00e1n\u00ed"],"wordCount":408,"articleBody":"&#13; Kdy\u017e jste je\u0161t\u011b chodili na st\u0159edn\u00ed \u0161kolu, jist\u011b jste si na \u0161kolu denn\u011b st\u011b\u017eovali. P\u0159\u00edli\u0161 mnoho u\u010den\u00ed, p\u0159\u00edli\u0161 dlouh\u00e9 vyu\u010dov\u00e1n\u00ed, p\u0159\u00edli\u0161 kr\u00e1tk\u00e9 p\u0159est\u00e1vky, p\u0159\u00edli\u0161 mnoho vynucen\u00e9 pozornosti a tak\u00e9 p\u0159\u00edli\u0161 m\u00e1lo sp\u00e1nku. Ano, v\u0161ichni jsme chodili na st\u0159edn\u00ed \u0161kolu a v\u0161ichni to zn\u00e1me. Nikdo z n\u00e1s si st\u0159edn\u00ed \u0161kolu neu\u017eil a nejsp\u00ed\u0161 to pro ka\u017ed\u00e9ho druh\u00e9ho z n\u00e1s bylo doslova peklo na zemi, zvl\u00e1\u0161\u0165 pokud jste vystudovali \u010dty\u0159let\u00e9 gymn\u00e1zium.&#13; &#13; &#13; A co va\u0161e d\u011bti&#13; Jak se k situaci na st\u0159edn\u00ed \u0161kole stav\u00ed va\u0161e d\u011bti? Jsou ve \u0161kole \u0161\u0165astn\u00e9, bav\u00ed je to? Vsad\u00edme se, \u017ee to nen\u00e1vid\u00ed \u00fapln\u011b stejn\u011b, jako jste to nen\u00e1vid\u011bli vy. Jeden \u010dlov\u011bk z tis\u00edce v\u00e1m \u0159ekne, \u017ee st\u0159edn\u00ed \u0161kola byla fajn. Zbytek st\u0159edn\u00ed \u0161kolu oce\u0148uje jenom proto, \u017ee jste nem\u011bli starosti s vlastn\u00edmi d\u011btmi a neb\u00e1li jste se, \u017ee nesplat\u00edte hypot\u00e9ku. Ale uznejte, st\u0159edn\u00ed \u0161kola nebyl \u017e\u00e1dn\u00fd med pro nikoho z n\u00e1s. Zvl\u00e1\u0161\u0165, pokud jste byli n\u011b\u010d\u00edm rozli\u0161n\u00ed nebo jin\u00ed od zbytku t\u0159\u00eddy. D\u011bti dok\u00e1\u017e\u00ed b\u00fdt hrub\u00e9.&#13; &#13; St\u0159edo\u0161kol\u00e1ci vzali v\u011bci do sv\u00fdch rukou&#13; Kdy\u017e se k tomu nem\u00e1 ministerstvo \u0161kolstv\u00ed, jeho\u017e ministr se m\u011bn\u00ed ka\u017ed\u00fd rok u\u017e v\u00edce ne\u017e patn\u00e1ct let a \u017e\u00e1dn\u00fd na tom spotu nevydr\u017e\u00ed nijak dlouho, pokusili se v\u011bci do sv\u00fdch rukou vz\u00edt sami st\u0159edo\u0161kol\u0161t\u00ed studenti. N\u011bkolik \u017e\u00e1k\u016f zformovalo \u010ceskou St\u0159edo\u0161kolskou Unii, a v n\u00ed t\u0159i roky sestavovali konkr\u00e9tn\u00ed pl\u00e1n, co a jak by si p\u0159edstavovali jinak, co je pot\u0159eba zm\u011bnit a kde je pot\u0159eba zapracovat. Tento pl\u00e1n po t\u0159ech letech p\u0159edstavili na po\u010d\u00e1tku listopadu ministerstvu \u0161kolstv\u00ed. &#13; &#13; Jak\u00e1 je koncepce t\u011bchto po\u017eadavk\u016f?&#13; Studenti po\u017eaduj\u00ed, aby osnovy byly p\u0159izp\u016fsobeny tomu, co skute\u010dn\u011b \u017e\u00e1ci pot\u0159ebuj\u00ed v jednadvac\u00e1t\u00e9m stolet\u00ed v\u011bd\u011bt a zn\u00e1t. U\u010dit by se m\u011blo podle relevance a ne jenom podle such\u00fdch osnov, kter\u00e9 jsou des\u00edtky let zastaral\u00e9. Vzd\u011bl\u00e1vac\u00ed proces by se m\u011bl zam\u011b\u0159it na \u017e\u00e1ka a na jeho pot\u0159eby adaptace na samostatn\u00fd \u017eivot po maturit\u011b.                                                                                                                                                                                                                                                                                                                                                                                        4.6\/5 - (5 votes)        "},{"@context":"https:\/\/schema.org\/","@type":"BreadcrumbList","itemListElement":[{"@type":"ListItem","position":1,"name":"Studenti st\u0159edn\u00edch \u0161kol revoltuj\u00ed proti syst\u00e9mu","item":"https:\/\/www.dorso.cz\/studenti-strednich-skol-revoltuji-proti-systemu\/#breadcrumbitem"}]}]